{"id":2267,"date":"2023-11-06T14:51:00","date_gmt":"2023-11-06T13:51:00","guid":{"rendered":"https:\/\/tbs-lokum.pl\/?p=2267"},"modified":"2023-11-07T12:12:33","modified_gmt":"2023-11-07T11:12:33","slug":"105-rocznica-odzyskania-niepodleglosci","status":"publish","type":"post","link":"https:\/\/tbs-lokum.pl\/index.php\/2023\/11\/06\/105-rocznica-odzyskania-niepodleglosci\/","title":{"rendered":"105. rocznica Odzyskania Niepodleg\u0142o\u015bci"},"content":{"rendered":"<div class=\"wp-block-post-excerpt\"><p class=\"wp-block-post-excerpt__excerpt\">Szanowni Pa\u0144stwo,w zwi\u0105zku ze 105. rocznic\u0105 odzyskania przez Polsk\u0119 Niepodleg\u0142o\u015bci Burmistrz Miasta \u015awidnik \u2013 Waldemar Jakson serdecznie zaprasza na uroczysto\u015bci oficjalne, kt\u00f3re odb\u0119d\u0105 si\u0119 11 listopada 2023 r. na placu Konstytucji 3 maja o godz. 8:30 \u2013 po wsp\u00f3lnym od\u015bpiewaniu hymnu, przem\u00f3wieniach okoliczno\u015bciowych i z\u0142o\u017ceniu kwiat\u00f3w, nast\u0105pi uroczysty przemarsz do <\/p><\/div>\n\n\n<!--more-->\n\n\n\n<p> Ko\u015bcio\u0142a Naj\u015bwi\u0119tszej Marii Panny w \u015awidniku, w kt\u00f3rym odb\u0119dzie si\u0119 msza \u015bwi\u0119ta w intencji Ojczyzny.<br><strong>Cz\u0119\u015bci\u0105 obchod\u00f3w jest z\u0142o\u017cenie kwiat\u00f3w, w zwi\u0105zku z tym prosz\u0119 o informacj\u0119 zwrotn\u0105 (telefonicznie lub mejlowo z podaniem imion i nazwisk os\u00f3b wchodz\u0105cych w sk\u0142ad delegacji) \u2013 je\u017celi planuj\u0105 Pa\u0144stwo z\u0142o\u017cenie kwiat\u00f3w (do 9 listopada).<\/strong><br>Ponadto prosz\u0119 o informacj\u0119, czy planuj\u0105 Pa\u0144stwo wystawienie poczt\u00f3w sztandarowych, kt\u00f3re b\u0119d\u0105 uczestniczy\u0142y w uroczysto\u015bciach oficjalnych oraz mszy \u015bwi\u0119tej.<br>W listopadzie zaplanowano wiele wydarze\u0144 towarzysz\u0105cych. Program znajd\u0105 Pa\u0144stwo poni\u017cej oraz w za\u0142\u0105czonym plakacie:<br>P R O G R A M&nbsp; W Y D A R Z E \u0143:<br><strong>10 listopada | sala kameralna MOK w \u015awidniku<\/strong><br>18:00 \u2013 spektakl \u201eRomantyczno\u015b\u0107\u201d \u2013 Teatr Drogi<br><strong>11 listopada (sobota) | plac Konstytucji 3 maja<\/strong><br>8:30 \u2013 uroczysto\u015bci oficjalne z udzia\u0142em w\u0142adz pa\u0144stwowych i samorz\u0105dowych<br>10:00 \u2013 msza \u015bwi\u0119ta w ko\u015bciele pw. NMP Matki Ko\u015bcio\u0142a w \u015awidniku<br>12:00 \u2013 XXI Uliczne Biegi Niepodleg\u0142o\u015bci<br><strong>12 listopada | sala widowiskowa MOK w \u015awidniku<\/strong><br><strong>16:00 \u2013 \u201eHistoria d\u017awi\u0119kiem malowana\u201d \u2013 koncert polskich pie\u015bni hymnicznych*<\/strong><br><strong>20:00 \u2013 \u201eOjczyzno, ro\u015bnij mi\u0142o\u015bci\u0105 syn\u00f3w i \u017cyj\u201d. Pami\u0119ci Kard. Stefana Wyszy\u0144skiego \u2013 \u201eCivis Christi\u201d*<\/strong><br><strong>*Bezp\u0142atne wej\u015bci\u00f3wki na obydwa koncerty do pobrania w kasie kina Lot<\/strong><br><strong>18 listopada | sala widowiskowa MOK w \u015awidniku<\/strong><br>10:00 \u2013 XXIV Przegl\u0105d Piosenki Patriotycznej<br><strong>26 listopada | sala kameralna MOK w \u015awidniku<\/strong><br>15:30 \u2013 wyst\u0119p Zespo\u0142u Ta\u0144ca Ludowego Leszczyniacy pod kierunkiem Beaty i Lecha Leszczy\u0144skich<br>16:00 \u2013 \u201eMi\u0142o\u015b\u0107 i Niepodleg\u0142a\u201d \u2013 spektakl muzyczno-patriotyczny w wykonaniu Ch\u00f3ru M\u0119skiego Arion i Ch\u00f3ru Noira pod kierunkiem Rafa\u0142a Palutkiewicza<br><strong>Na wszystkie wydarzenia obowi\u0105zuje wst\u0119p wolny.<\/strong><br>Organizatorzy: Miasto \u015awidnik, MOK w \u015awidniku, Wsp\u00f3lnota \u015awidnicka<br>Patronat Honorowy: Waldemar Jakson \u2013 burmistrz \u015awidnika<br>Partnerzy: Narodowy Instytut Wolno\u015bci, Teatr Piosenki, Stowarzyszenie Wsch\u00f3d Kultury, Warto By\u0107 Polakiem, Instytut Pami\u0119ci Narodowej, Helicopters Brass Orchestra, Leszczyniacy, Ch\u00f3r Canto, M\u0119ski Ch\u00f3r Arion, Pa\u0144stwowa Szko\u0142a Muzyczna w \u015awidniku.<\/p>\n\n\n\n<figure class=\"wp-block-image size-large is-resized\"><img loading=\"lazy\" decoding=\"async\" width=\"727\" height=\"1024\" src=\"https:\/\/tbs-lokum.pl\/wp-content\/uploads\/2023\/11\/105.-rocznica-Odzyskania-Niepodleglosci-727x1024.png\" alt=\"\" class=\"wp-image-2265\" style=\"aspect-ratio:0.7099609375;width:854px;height:auto\" srcset=\"https:\/\/tbs-lokum.pl\/wp-content\/uploads\/2023\/11\/105.-rocznica-Odzyskania-Niepodleglosci-727x1024.png 727w, https:\/\/tbs-lokum.pl\/wp-content\/uploads\/2023\/11\/105.-rocznica-Odzyskania-Niepodleglosci-213x300.png 213w, https:\/\/tbs-lokum.pl\/wp-content\/uploads\/2023\/11\/105.-rocznica-Odzyskania-Niepodleglosci-768x1082.png 768w, https:\/\/tbs-lokum.pl\/wp-content\/uploads\/2023\/11\/105.-rocznica-Odzyskania-Niepodleglosci-1090x1536.png 1090w, https:\/\/tbs-lokum.pl\/wp-content\/uploads\/2023\/11\/105.-rocznica-Odzyskania-Niepodleglosci-1453x2048.png 1453w\" sizes=\"auto, (max-width: 727px) 100vw, 727px\" \/><\/figure>\n","protected":false},"excerpt":{"rendered":"<p>Szanowni Pa\u0144stwo,w zwi\u0105zku ze 105. rocznic\u0105 odzyskania przez Polsk\u0119 Niepodleg\u0142o\u015bci Burmistrz Miasta \u015awidnik \u2013 Waldemar Jakson serdecznie zaprasza na uroczysto\u015bci oficjalne, kt\u00f3re odb\u0119d\u0105 si\u0119 11 listopada 2023 r. na placu Konstytucji 3 maja o godz. 8:30 \u2013 po wsp\u00f3lnym od\u015bpiewaniu hymnu, przem\u00f3wieniach okoliczno\u015bciowych i z\u0142o\u017ceniu kwiat\u00f3w, nast\u0105pi uroczysty przemarsz do<\/p>\n","protected":false},"author":2,"featured_media":2273,"comment_status":"closed","ping_status":"open","sticky":false,"template":"","format":"standard","meta":{"footnotes":""},"categories":[1],"tags":[],"class_list":["post-2267","post","type-post","status-publish","format-standard","has-post-thumbnail","hentry","category-bez-kategorii"],"_links":{"self":[{"href":"https:\/\/tbs-lokum.pl\/index.php\/wp-json\/wp\/v2\/posts\/2267","targetHints":{"allow":["GET"]}}],"collection":[{"href":"https:\/\/tbs-lokum.pl\/index.php\/wp-json\/wp\/v2\/posts"}],"about":[{"href":"https:\/\/tbs-lokum.pl\/index.php\/wp-json\/wp\/v2\/types\/post"}],"author":[{"embeddable":true,"href":"https:\/\/tbs-lokum.pl\/index.php\/wp-json\/wp\/v2\/users\/2"}],"replies":[{"embeddable":true,"href":"https:\/\/tbs-lokum.pl\/index.php\/wp-json\/wp\/v2\/comments?post=2267"}],"version-history":[{"count":6,"href":"https:\/\/tbs-lokum.pl\/index.php\/wp-json\/wp\/v2\/posts\/2267\/revisions"}],"predecessor-version":[{"id":2274,"href":"https:\/\/tbs-lokum.pl\/index.php\/wp-json\/wp\/v2\/posts\/2267\/revisions\/2274"}],"wp:featuredmedia":[{"embeddable":true,"href":"https:\/\/tbs-lokum.pl\/index.php\/wp-json\/wp\/v2\/media\/2273"}],"wp:attachment":[{"href":"https:\/\/tbs-lokum.pl\/index.php\/wp-json\/wp\/v2\/media?parent=2267"}],"wp:term":[{"taxonomy":"category","embeddable":true,"href":"https:\/\/tbs-lokum.pl\/index.php\/wp-json\/wp\/v2\/categories?post=2267"},{"taxonomy":"post_tag","embeddable":true,"href":"https:\/\/tbs-lokum.pl\/index.php\/wp-json\/wp\/v2\/tags?post=2267"}],"curies":[{"name":"wp","href":"https:\/\/api.w.org\/{rel}","templated":true}]}}